{"id":476,"date":"2020-09-09T17:01:05","date_gmt":"2020-09-09T15:01:05","guid":{"rendered":"https:\/\/fermepierre.demo-g.click\/?p=476"},"modified":"2025-12-03T12:46:43","modified_gmt":"2025-12-03T11:46:43","slug":"article-1","status":"publish","type":"post","link":"https:\/\/lafermepierre.fr\/de\/article-1\/","title":{"rendered":"March\u00e9 de No\u00ebl de Strasbourg"},"content":{"rendered":"\r\n<p>Le March\u00e9 de No\u00ebl de Strasbourg est un \u00e9v\u00e9nement de renomm\u00e9e mondiale (mais oui, rien que \u00e7a) qui a lieu chaque ann\u00e9e au c\u0153ur de la ville. Des visiteurs du monde entier viennent admirer les magnifiques illuminations de No\u00ebl, parcourir les centaines d&#8217;\u00e9tals vendant des cadeaux de No\u00ebl traditionnels et d\u00e9guster de d\u00e9licieuses sp\u00e9cialit\u00e9s locales. Il est l\u2019un des plus anciens march\u00e9s de No\u00ebl d&#8217;Europe, et remonterait \u00e0 1570, date \u00e0 laquelle de premiers \u00e9crits le mentionnent, merci Gutenberg\u00a0!<\/p>\r\n<p>Que vous recherchiez des cadeaux uniques ou que vous profitiez simplement de l&#8217;ambiance festive, notre March\u00e9 de No\u00ebl est une visite incontournable pendant les f\u00eates de fin d&#8217;ann\u00e9e. L\u2019esprit de No\u00ebl s\u2019empare de tous les visiteurs, et pour peu que vous ayez droit \u00e0 des flocons, l\u2019ambiance sera d\u00e9finitivement des plus f\u00e9eriques et joyeuses.<\/p>\r\n<p>La Ferme Pierre*** propose \u00e0 ses h\u00f4tes une liste des petits march\u00e9s incontournables de la r\u00e9gion, \u00e0 ne pas manquer si vous avez la chance de s\u00e9journer 2 jours ou plus !<\/p>\r\n","protected":false},"excerpt":{"rendered":"<p>Le March\u00e9 de No\u00ebl de Strasbourg est un \u00e9v\u00e9nement de renomm\u00e9e mondiale (mais oui, rien que \u00e7a) qui a lieu chaque ann\u00e9e au c\u0153ur de la ville. Des visiteurs du monde entier viennent admirer les magnifiques illuminations de No\u00ebl, parcourir les centaines d&#8217;\u00e9tals vendant des cadeaux de No\u00ebl traditionnels et d\u00e9guster de d\u00e9licieuses sp\u00e9cialit\u00e9s locales. [&hellip;]<\/p>\n","protected":false},"author":1,"featured_media":517,"comment_status":"closed","ping_status":"closed","sticky":false,"template":"","format":"standard","meta":{"_acf_changed":false,"_seopress_robots_primary_cat":"none","_seopress_titles_title":"","_seopress_titles_desc":"","_seopress_robots_index":"","footnotes":""},"categories":[27],"tags":[],"class_list":["post-476","post","type-post","status-publish","format-standard","has-post-thumbnail","hentry","category-activites-et-evenements"],"acf":[],"_links":{"self":[{"href":"https:\/\/lafermepierre.fr\/de\/wp-json\/wp\/v2\/posts\/476","targetHints":{"allow":["GET"]}}],"collection":[{"href":"https:\/\/lafermepierre.fr\/de\/wp-json\/wp\/v2\/posts"}],"about":[{"href":"https:\/\/lafermepierre.fr\/de\/wp-json\/wp\/v2\/types\/post"}],"author":[{"embeddable":true,"href":"https:\/\/lafermepierre.fr\/de\/wp-json\/wp\/v2\/users\/1"}],"replies":[{"embeddable":true,"href":"https:\/\/lafermepierre.fr\/de\/wp-json\/wp\/v2\/comments?post=476"}],"version-history":[{"count":2,"href":"https:\/\/lafermepierre.fr\/de\/wp-json\/wp\/v2\/posts\/476\/revisions"}],"predecessor-version":[{"id":1298,"href":"https:\/\/lafermepierre.fr\/de\/wp-json\/wp\/v2\/posts\/476\/revisions\/1298"}],"wp:featuredmedia":[{"embeddable":true,"href":"https:\/\/lafermepierre.fr\/de\/wp-json\/wp\/v2\/media\/517"}],"wp:attachment":[{"href":"https:\/\/lafermepierre.fr\/de\/wp-json\/wp\/v2\/media?parent=476"}],"wp:term":[{"taxonomy":"category","embeddable":true,"href":"https:\/\/lafermepierre.fr\/de\/wp-json\/wp\/v2\/categories?post=476"},{"taxonomy":"post_tag","embeddable":true,"href":"https:\/\/lafermepierre.fr\/de\/wp-json\/wp\/v2\/tags?post=476"}],"curies":[{"name":"wp","href":"https:\/\/api.w.org\/{rel}","templated":true}]}}